{"id":944,"date":"2023-08-10T08:58:42","date_gmt":"2023-08-10T06:58:42","guid":{"rendered":"http:\/\/asta-solidarite.com\/?p=944"},"modified":"2023-08-19T16:24:51","modified_gmt":"2023-08-19T14:24:51","slug":"distribution-de-colis-alimentaires-cet-ete-2","status":"publish","type":"post","link":"https:\/\/asta-solidarite.com\/index.php\/2023\/08\/10\/distribution-de-colis-alimentaires-cet-ete-2\/","title":{"rendered":"Distribution de colis alimentaires cet \u00e9t\u00e9"},"content":{"rendered":"\n<p>Comme chaque \u00e9t\u00e9 depuis quelques ann\u00e9es maintenant, ASTA distribue des colis alimentaires sur le Territoire d&rsquo;Albertville pendant la p\u00e9riode de fermeture des Restos du Coeur.<\/p>\n\n\n\n<p class=\"has-text-align-center\"><img loading=\"lazy\" width=\"1404\" height=\"907\" class=\"wp-image-942\" style=\"width: 600px;\" src=\"http:\/\/asta-solidarite.com\/wp-content\/uploads\/2023\/08\/Distrib-alim-2.jpg\" alt=\"\" srcset=\"https:\/\/asta-solidarite.com\/wp-content\/uploads\/2023\/08\/Distrib-alim-2.jpg 1404w, https:\/\/asta-solidarite.com\/wp-content\/uploads\/2023\/08\/Distrib-alim-2-300x194.jpg 300w, https:\/\/asta-solidarite.com\/wp-content\/uploads\/2023\/08\/Distrib-alim-2-1024x662.jpg 1024w, https:\/\/asta-solidarite.com\/wp-content\/uploads\/2023\/08\/Distrib-alim-2-768x496.jpg 768w, https:\/\/asta-solidarite.com\/wp-content\/uploads\/2023\/08\/Distrib-alim-2-1200x775.jpg 1200w\" sizes=\"(max-width: 1404px) 100vw, 1404px\" \/><\/p>\n\n\n\n<p class=\"has-text-align-center\">(DL du 6 ao\u00fbt 2023)<\/p>\n\n\n\n<p class=\"has-text-align-left\"><img loading=\"lazy\" width=\"1080\" height=\"810\" class=\"wp-image-948\" style=\"width: 600px;\" src=\"http:\/\/asta-solidarite.com\/wp-content\/uploads\/2023\/08\/distribution-5.jpg\" alt=\"\" srcset=\"https:\/\/asta-solidarite.com\/wp-content\/uploads\/2023\/08\/distribution-5.jpg 1080w, https:\/\/asta-solidarite.com\/wp-content\/uploads\/2023\/08\/distribution-5-300x225.jpg 300w, https:\/\/asta-solidarite.com\/wp-content\/uploads\/2023\/08\/distribution-5-1024x768.jpg 1024w, https:\/\/asta-solidarite.com\/wp-content\/uploads\/2023\/08\/distribution-5-768x576.jpg 768w\" sizes=\"(max-width: 1080px) 100vw, 1080px\" \/><img loading=\"lazy\" width=\"810\" height=\"1080\" class=\"wp-image-947\" style=\"width: 600px;\" src=\"http:\/\/asta-solidarite.com\/wp-content\/uploads\/2023\/08\/distribution-1.jpg\" alt=\"\" srcset=\"https:\/\/asta-solidarite.com\/wp-content\/uploads\/2023\/08\/distribution-1.jpg 810w, https:\/\/asta-solidarite.com\/wp-content\/uploads\/2023\/08\/distribution-1-225x300.jpg 225w, https:\/\/asta-solidarite.com\/wp-content\/uploads\/2023\/08\/distribution-1-768x1024.jpg 768w\" sizes=\"(max-width: 810px) 100vw, 810px\" \/><\/p>\n","protected":false},"excerpt":{"rendered":"<p>Comme chaque \u00e9t\u00e9 depuis quelques ann\u00e9es maintenant, ASTA distribue des colis alimentaires sur le Territoire d&rsquo;Albertville pendant la p\u00e9riode de fermeture des Restos du Coeur. (DL du 6 ao\u00fbt 2023)<a href=\"https:\/\/asta-solidarite.com\/index.php\/2023\/08\/10\/distribution-de-colis-alimentaires-cet-ete-2\/\" class=\"more-link\"><span>Lire la suite<\/span><span class=\"screen-reader-text\">Distribution de colis alimentaires cet \u00e9t\u00e9<\/span><\/a><\/p>\n","protected":false},"author":1,"featured_media":0,"comment_status":"closed","ping_status":"","sticky":false,"template":"","format":"standard","meta":[],"categories":[1],"tags":[],"_links":{"self":[{"href":"https:\/\/asta-solidarite.com\/index.php\/wp-json\/wp\/v2\/posts\/944"}],"collection":[{"href":"https:\/\/asta-solidarite.com\/index.php\/wp-json\/wp\/v2\/posts"}],"about":[{"href":"https:\/\/asta-solidarite.com\/index.php\/wp-json\/wp\/v2\/types\/post"}],"author":[{"embeddable":true,"href":"https:\/\/asta-solidarite.com\/index.php\/wp-json\/wp\/v2\/users\/1"}],"replies":[{"embeddable":true,"href":"https:\/\/asta-solidarite.com\/index.php\/wp-json\/wp\/v2\/comments?post=944"}],"version-history":[{"count":5,"href":"https:\/\/asta-solidarite.com\/index.php\/wp-json\/wp\/v2\/posts\/944\/revisions"}],"predecessor-version":[{"id":957,"href":"https:\/\/asta-solidarite.com\/index.php\/wp-json\/wp\/v2\/posts\/944\/revisions\/957"}],"wp:attachment":[{"href":"https:\/\/asta-solidarite.com\/index.php\/wp-json\/wp\/v2\/media?parent=944"}],"wp:term":[{"taxonomy":"category","embeddable":true,"href":"https:\/\/asta-solidarite.com\/index.php\/wp-json\/wp\/v2\/categories?post=944"},{"taxonomy":"post_tag","embeddable":true,"href":"https:\/\/asta-solidarite.com\/index.php\/wp-json\/wp\/v2\/tags?post=944"}],"curies":[{"name":"wp","href":"https:\/\/api.w.org\/{rel}","templated":true}]}}