{"id":905,"date":"2023-06-29T09:31:02","date_gmt":"2023-06-29T07:31:02","guid":{"rendered":"http:\/\/asta-solidarite.com\/?p=905"},"modified":"2023-06-29T09:38:46","modified_gmt":"2023-06-29T07:38:46","slug":"soiree-solidaire-de-samedi-1er-juillet-a-la-librairie-des-bauges","status":"publish","type":"post","link":"https:\/\/asta-solidarite.com\/index.php\/2023\/06\/29\/soiree-solidaire-de-samedi-1er-juillet-a-la-librairie-des-bauges\/","title":{"rendered":"Soir\u00e9e solidaire ce samedi 1er juillet \u00e0 la Librairie des Bauges\u00a0!"},"content":{"rendered":"\n<p><strong>18h30&nbsp;: Projection de \u00ab&nbsp;A bord de l&rsquo;Oc\u00e9an Viking&nbsp;\u00bb<\/strong> de Jer\u00e9mie Lusseau<\/p>\n\n\n\n<p><a href=\"https:\/\/www.jeremie-lusseau.net\/galerie\/ocean-viking\" target=\"_blank\" rel=\"noreferrer noopener\">J\u00e9r\u00e9mie Lusseau<\/a>, photographe de bord de l&rsquo;<a href=\"https:\/\/sosmediterranee.fr\/le-navire-ocean-viking\/\" target=\"_blank\" rel=\"noreferrer noopener\">Oc\u00e9an Viking, navire de sauvetage de SOS M\u00e9dit\u00e9rann\u00e9e<\/a> participera \u00e0 la table ronde qui s&rsquo;en suivra.<\/p>\n\n\n\n<p><strong>20h30&nbsp;: Concert Surprise&nbsp;!<\/strong><\/p>\n\n\n\n<p>Buvette et petite restauration possible sur place&nbsp;!<\/p>\n\n\n\n<p><a href=\"https:\/\/www.librairiedesbauges.fr\/le-garage\/evenements\/guinguette-solidaire-2023\" target=\"_blank\" rel=\"noreferrer noopener\">Places limit\u00e9es \u2013 R\u00e9servation conseill\u00e9e<\/a><\/p>\n\n\n\n<p>Soir\u00e9e au profit d&rsquo;ASTA<\/p>\n","protected":false},"excerpt":{"rendered":"<p>18h30&nbsp;: Projection de \u00ab&nbsp;A bord de l&rsquo;Oc\u00e9an Viking&nbsp;\u00bb de Jer\u00e9mie Lusseau J\u00e9r\u00e9mie Lusseau, photographe de bord de l&rsquo;Oc\u00e9an Viking, navire de sauvetage de SOS M\u00e9dit\u00e9rann\u00e9e participera \u00e0 la table ronde qui s&rsquo;en suivra. 20h30&nbsp;: Concert Surprise&nbsp;! Buvette et petite restauration possible sur place&nbsp;! Places limit\u00e9es \u2013 R\u00e9servation conseill\u00e9e Soir\u00e9e au profit d&rsquo;ASTA<a href=\"https:\/\/asta-solidarite.com\/index.php\/2023\/06\/29\/soiree-solidaire-de-samedi-1er-juillet-a-la-librairie-des-bauges\/\" class=\"more-link\"><span>Lire la suite<\/span><span class=\"screen-reader-text\">Soir\u00e9e solidaire ce samedi 1er juillet \u00e0 la Librairie des Bauges\u00a0!<\/span><\/a><\/p>\n","protected":false},"author":1,"featured_media":0,"comment_status":"closed","ping_status":"","sticky":false,"template":"","format":"standard","meta":[],"categories":[1],"tags":[],"_links":{"self":[{"href":"https:\/\/asta-solidarite.com\/index.php\/wp-json\/wp\/v2\/posts\/905"}],"collection":[{"href":"https:\/\/asta-solidarite.com\/index.php\/wp-json\/wp\/v2\/posts"}],"about":[{"href":"https:\/\/asta-solidarite.com\/index.php\/wp-json\/wp\/v2\/types\/post"}],"author":[{"embeddable":true,"href":"https:\/\/asta-solidarite.com\/index.php\/wp-json\/wp\/v2\/users\/1"}],"replies":[{"embeddable":true,"href":"https:\/\/asta-solidarite.com\/index.php\/wp-json\/wp\/v2\/comments?post=905"}],"version-history":[{"count":3,"href":"https:\/\/asta-solidarite.com\/index.php\/wp-json\/wp\/v2\/posts\/905\/revisions"}],"predecessor-version":[{"id":909,"href":"https:\/\/asta-solidarite.com\/index.php\/wp-json\/wp\/v2\/posts\/905\/revisions\/909"}],"wp:attachment":[{"href":"https:\/\/asta-solidarite.com\/index.php\/wp-json\/wp\/v2\/media?parent=905"}],"wp:term":[{"taxonomy":"category","embeddable":true,"href":"https:\/\/asta-solidarite.com\/index.php\/wp-json\/wp\/v2\/categories?post=905"},{"taxonomy":"post_tag","embeddable":true,"href":"https:\/\/asta-solidarite.com\/index.php\/wp-json\/wp\/v2\/tags?post=905"}],"curies":[{"name":"wp","href":"https:\/\/api.w.org\/{rel}","templated":true}]}}