{"id":856,"date":"2025-02-23T15:03:00","date_gmt":"2025-02-23T14:03:00","guid":{"rendered":"http:\/\/asta-solidarite.com\/?p=856"},"modified":"2025-02-23T15:17:51","modified_gmt":"2025-02-23T14:17:51","slug":"asta-au-grand-rdv-solidaire-des-restos-du-coeur","status":"publish","type":"post","link":"https:\/\/asta-solidarite.com\/index.php\/2025\/02\/23\/asta-au-grand-rdv-solidaire-des-restos-du-coeur\/","title":{"rendered":"ASTA au Grand RdV Solidaire de mars des Restos du C\u0153ur"},"content":{"rendered":"\n<p>Les Restos du C\u0153ur vous donnent rendez-vous les <strong>7, 8 et 9\u00a0mars<\/strong> prochain pour\u00a0un <strong>Grand Week-End plac\u00e9 sous le signe de la Solidarit\u00e9. <\/strong> Du 7 au 9 mars, les \u00e9quipes des Restos seront pr\u00e9sentes dans plus de 7500 magasins \u00e0 travers toute la France pour collecter denr\u00e9es alimentaires et produits d&rsquo;hygi\u00e8ne.<\/p>\n\n\n\n<p>Les b\u00e9n\u00e9voles ASTA assisteront les Restos du C\u0153ur dans leur Collecte 2025 sur le bassin albertvillois.<\/p>\n\n\n\n<p><a rel=\"noreferrer noopener\" href=\"https:\/\/ad73.restosducoeur.org\/\" target=\"_blank\">+ d&rsquo;infos <\/a><\/p>\n\n\n\n<div class=\"wp-block-image\"><figure class=\"aligncenter size-large is-resized\"><img loading=\"lazy\" src=\"http:\/\/asta-solidarite.com\/wp-content\/uploads\/2023\/02\/index.png\" alt=\"\" class=\"wp-image-855\" width=\"500\" height=\"333\"\/><\/figure><\/div>\n","protected":false},"excerpt":{"rendered":"<p>Les Restos du C\u0153ur vous donnent rendez-vous les 7, 8 et 9\u00a0mars prochain pour\u00a0un Grand Week-End plac\u00e9 sous le signe de la Solidarit\u00e9. Du 7 au 9 mars, les \u00e9quipes des Restos seront pr\u00e9sentes dans plus de 7500 magasins \u00e0 travers toute la France pour collecter denr\u00e9es alimentaires et produits d&rsquo;hygi\u00e8ne. Les b\u00e9n\u00e9voles ASTA assisteront&hellip;<a href=\"https:\/\/asta-solidarite.com\/index.php\/2025\/02\/23\/asta-au-grand-rdv-solidaire-des-restos-du-coeur\/\" class=\"more-link\"><span>Lire la suite<\/span><span class=\"screen-reader-text\">ASTA au Grand RdV Solidaire de mars des Restos du C\u0153ur<\/span><\/a><\/p>\n","protected":false},"author":1,"featured_media":0,"comment_status":"closed","ping_status":"open","sticky":false,"template":"","format":"standard","meta":[],"categories":[1],"tags":[],"_links":{"self":[{"href":"https:\/\/asta-solidarite.com\/index.php\/wp-json\/wp\/v2\/posts\/856"}],"collection":[{"href":"https:\/\/asta-solidarite.com\/index.php\/wp-json\/wp\/v2\/posts"}],"about":[{"href":"https:\/\/asta-solidarite.com\/index.php\/wp-json\/wp\/v2\/types\/post"}],"author":[{"embeddable":true,"href":"https:\/\/asta-solidarite.com\/index.php\/wp-json\/wp\/v2\/users\/1"}],"replies":[{"embeddable":true,"href":"https:\/\/asta-solidarite.com\/index.php\/wp-json\/wp\/v2\/comments?post=856"}],"version-history":[{"count":4,"href":"https:\/\/asta-solidarite.com\/index.php\/wp-json\/wp\/v2\/posts\/856\/revisions"}],"predecessor-version":[{"id":1150,"href":"https:\/\/asta-solidarite.com\/index.php\/wp-json\/wp\/v2\/posts\/856\/revisions\/1150"}],"wp:attachment":[{"href":"https:\/\/asta-solidarite.com\/index.php\/wp-json\/wp\/v2\/media?parent=856"}],"wp:term":[{"taxonomy":"category","embeddable":true,"href":"https:\/\/asta-solidarite.com\/index.php\/wp-json\/wp\/v2\/categories?post=856"},{"taxonomy":"post_tag","embeddable":true,"href":"https:\/\/asta-solidarite.com\/index.php\/wp-json\/wp\/v2\/tags?post=856"}],"curies":[{"name":"wp","href":"https:\/\/api.w.org\/{rel}","templated":true}]}}