{"id":1386,"date":"2025-11-21T11:53:00","date_gmt":"2025-11-21T10:53:00","guid":{"rendered":"https:\/\/asta-solidarite.com\/?p=1386"},"modified":"2025-11-25T08:45:35","modified_gmt":"2025-11-25T07:45:35","slug":"rapport-pauvrete-2025-secours-catholique","status":"publish","type":"post","link":"https:\/\/asta-solidarite.com\/index.php\/2025\/11\/21\/rapport-pauvrete-2025-secours-catholique\/","title":{"rendered":"Rapport Pauvret\u00e9 2025 Secours Catholique"},"content":{"rendered":"\n<p>Comme chaque ann\u00e9e depuis pr\u00e8s de 30 ans, le Secours Catholique vient de publier cette fin novembre <a rel=\"noreferrer noopener\" href=\"https:\/\/www.secours-catholique.org\/m-informer\/nos-positions\/notre-etat-de-la-pauvrete-en-france-2025?utm_source=sfmc&amp;utm_medium=email&amp;utm_campaign=%5bEmail_Marketing%5dRapportStatistique_GrandPublic_W25RS_20251120&amp;utm_content=Bouton_decouvrezlavideo&amp;utm_id=2592208&amp;sfmc_id=300730690&amp;reserved_origin=W25RS#section_2\" target=\"_blank\">Rapport Annuel sur la Pauvret\u00e9 en France<\/a>. Plus qu\u2019un outil statistique et un barom\u00e8tre du visage changeant de la pauvret\u00e9, c\u2019est un cri adress\u00e9 \u00e0 la soci\u00e9t\u00e9 et aux pouvoirs publics.<\/p>\n\n\n\n<p class=\"has-text-align-center\"><a href=\"https:\/\/www.secours-catholique.org\/sites\/default\/files\/03-Documents\/RS25-BD.pdf\" target=\"_blank\" rel=\"noreferrer noopener\">Etat de la Pauvret\u00e9 en France 2025 (Secours Catholique)<\/a><\/p>\n","protected":false},"excerpt":{"rendered":"<p>Comme chaque ann\u00e9e depuis pr\u00e8s de 30 ans, le Secours Catholique vient de publier cette fin novembre Rapport Annuel sur la Pauvret\u00e9 en France. Plus qu\u2019un outil statistique et un barom\u00e8tre du visage changeant de la pauvret\u00e9, c\u2019est un cri adress\u00e9 \u00e0 la soci\u00e9t\u00e9 et aux pouvoirs publics. Etat de la Pauvret\u00e9 en France 2025&hellip;<a href=\"https:\/\/asta-solidarite.com\/index.php\/2025\/11\/21\/rapport-pauvrete-2025-secours-catholique\/\" class=\"more-link\"><span>Lire la suite<\/span><span class=\"screen-reader-text\">Rapport Pauvret\u00e9 2025 Secours Catholique<\/span><\/a><\/p>\n","protected":false},"author":1,"featured_media":0,"comment_status":"closed","ping_status":"","sticky":false,"template":"","format":"standard","meta":[],"categories":[1],"tags":[],"_links":{"self":[{"href":"https:\/\/asta-solidarite.com\/index.php\/wp-json\/wp\/v2\/posts\/1386"}],"collection":[{"href":"https:\/\/asta-solidarite.com\/index.php\/wp-json\/wp\/v2\/posts"}],"about":[{"href":"https:\/\/asta-solidarite.com\/index.php\/wp-json\/wp\/v2\/types\/post"}],"author":[{"embeddable":true,"href":"https:\/\/asta-solidarite.com\/index.php\/wp-json\/wp\/v2\/users\/1"}],"replies":[{"embeddable":true,"href":"https:\/\/asta-solidarite.com\/index.php\/wp-json\/wp\/v2\/comments?post=1386"}],"version-history":[{"count":3,"href":"https:\/\/asta-solidarite.com\/index.php\/wp-json\/wp\/v2\/posts\/1386\/revisions"}],"predecessor-version":[{"id":1400,"href":"https:\/\/asta-solidarite.com\/index.php\/wp-json\/wp\/v2\/posts\/1386\/revisions\/1400"}],"wp:attachment":[{"href":"https:\/\/asta-solidarite.com\/index.php\/wp-json\/wp\/v2\/media?parent=1386"}],"wp:term":[{"taxonomy":"category","embeddable":true,"href":"https:\/\/asta-solidarite.com\/index.php\/wp-json\/wp\/v2\/categories?post=1386"},{"taxonomy":"post_tag","embeddable":true,"href":"https:\/\/asta-solidarite.com\/index.php\/wp-json\/wp\/v2\/tags?post=1386"}],"curies":[{"name":"wp","href":"https:\/\/api.w.org\/{rel}","templated":true}]}}