{"id":1361,"date":"2025-10-06T20:06:00","date_gmt":"2025-10-06T18:06:00","guid":{"rendered":"https:\/\/asta-solidarite.com\/?p=1361"},"modified":"2025-10-19T14:57:27","modified_gmt":"2025-10-19T12:57:27","slug":"mme-la-prefete-rencontre-des-associations-de-solidarite-de-savoie","status":"publish","type":"post","link":"https:\/\/asta-solidarite.com\/index.php\/2025\/10\/06\/mme-la-prefete-rencontre-des-associations-de-solidarite-de-savoie\/","title":{"rendered":"Mme la Pr\u00e9f\u00e8te rencontre des Associations de Solidarit\u00e9 de Savoie"},"content":{"rendered":"\n<p>Une Coordination de 9 associations dont ASTA avaient rendez-vous mercredi 1er octobre avec Mme Vanina Nicoli, Pr\u00e9f\u00e8te de Savoie en poste depuis le 22 avril dernier. La r\u00e9union a port\u00e9 sur 3 th\u00e8mes&nbsp;: le traitement insatisfaisant des dossiers Titre de S\u00e9jour, l\u2019emploi des \u00e9trangers et leur offre de logement.<\/p>\n\n\n\n<p>Quatre positions ont \u00e9t\u00e9 clairement exprim\u00e9es par Mme la Pr\u00e9f\u00e8te&nbsp;:<\/p>\n\n\n\n<p>&#8211; son souhait de voir am\u00e9lior\u00e9 le traitement des dossiers Titre de S\u00e9jour en attente. Pour cela, elle envisage la mise en place d\u2019une adresse mail r\u00e9serv\u00e9e \u00e0 ces dits-dossiers en attente de retour pr\u00e9fectoral, ceci afin de pouvoir interroger rapidement ses services sur leur suivi et leur apporter une r\u00e9ponse en prolongement.<\/p>\n\n\n\n<p>&#8211; son souhait de poursuivre le travail d\u00e9j\u00e0 engag\u00e9 avec les organisations professionnelles pour faciliter l\u2019acc\u00e8s aux m\u00e9tiers et satisfaire aux demandes d\u2019embauches des employeurs.<\/p>\n\n\n\n<p>&#8211; sa clairvoyance sur les insuffisances existantes en mati\u00e8re de logement \u00e0 pouvoir r\u00e9pondre \u00e0 la tr\u00e8s forte demande malgr\u00e9 tout ce qui est d\u00e9j\u00e0 fait, efforts du reste relev\u00e9s par certaines des associations pr\u00e9sentes. La difficult\u00e9 est renforc\u00e9e entre autre par la non rotation dans les CHU a-t-elle ajout\u00e9.<\/p>\n\n\n\n<p>&#8211; l\u2019intransigeance de ses services sur des OQTF r\u00e9p\u00e9t\u00e9es, en particulier quand celles-ci sont motiv\u00e9es par des raisons de trouble \u00e0 l\u2019ordre public, trafics divers ou violences.<\/p>\n\n\n\n<p>Au final, 2h30 d\u2019\u00e9changes constructifs, des \u00e9changes que la Coordination esp\u00e8re voir reconduits r\u00e9guli\u00e8rement.<\/p>\n","protected":false},"excerpt":{"rendered":"<p>Une Coordination de 9 associations dont ASTA avaient rendez-vous mercredi 1er octobre avec Mme Vanina Nicoli, Pr\u00e9f\u00e8te de Savoie en poste depuis le 22 avril dernier. La r\u00e9union a port\u00e9 sur 3 th\u00e8mes&nbsp;: le traitement insatisfaisant des dossiers Titre de S\u00e9jour, l\u2019emploi des \u00e9trangers et leur offre de logement. Quatre positions ont \u00e9t\u00e9 clairement exprim\u00e9es&hellip;<a href=\"https:\/\/asta-solidarite.com\/index.php\/2025\/10\/06\/mme-la-prefete-rencontre-des-associations-de-solidarite-de-savoie\/\" class=\"more-link\"><span>Lire la suite<\/span><span class=\"screen-reader-text\">Mme la Pr\u00e9f\u00e8te rencontre des Associations de Solidarit\u00e9 de Savoie<\/span><\/a><\/p>\n","protected":false},"author":1,"featured_media":0,"comment_status":"closed","ping_status":"","sticky":false,"template":"","format":"standard","meta":[],"categories":[1],"tags":[],"_links":{"self":[{"href":"https:\/\/asta-solidarite.com\/index.php\/wp-json\/wp\/v2\/posts\/1361"}],"collection":[{"href":"https:\/\/asta-solidarite.com\/index.php\/wp-json\/wp\/v2\/posts"}],"about":[{"href":"https:\/\/asta-solidarite.com\/index.php\/wp-json\/wp\/v2\/types\/post"}],"author":[{"embeddable":true,"href":"https:\/\/asta-solidarite.com\/index.php\/wp-json\/wp\/v2\/users\/1"}],"replies":[{"embeddable":true,"href":"https:\/\/asta-solidarite.com\/index.php\/wp-json\/wp\/v2\/comments?post=1361"}],"version-history":[{"count":5,"href":"https:\/\/asta-solidarite.com\/index.php\/wp-json\/wp\/v2\/posts\/1361\/revisions"}],"predecessor-version":[{"id":1367,"href":"https:\/\/asta-solidarite.com\/index.php\/wp-json\/wp\/v2\/posts\/1361\/revisions\/1367"}],"wp:attachment":[{"href":"https:\/\/asta-solidarite.com\/index.php\/wp-json\/wp\/v2\/media?parent=1361"}],"wp:term":[{"taxonomy":"category","embeddable":true,"href":"https:\/\/asta-solidarite.com\/index.php\/wp-json\/wp\/v2\/categories?post=1361"},{"taxonomy":"post_tag","embeddable":true,"href":"https:\/\/asta-solidarite.com\/index.php\/wp-json\/wp\/v2\/tags?post=1361"}],"curies":[{"name":"wp","href":"https:\/\/api.w.org\/{rel}","templated":true}]}}