{"id":1352,"date":"2025-10-15T19:19:28","date_gmt":"2025-10-15T17:19:28","guid":{"rendered":"https:\/\/asta-solidarite.com\/?p=1352"},"modified":"2025-10-27T15:54:48","modified_gmt":"2025-10-27T14:54:48","slug":"asta-a-la-table-ronde-du-samedi-15-novembre","status":"publish","type":"post","link":"https:\/\/asta-solidarite.com\/index.php\/2025\/10\/15\/asta-a-la-table-ronde-du-samedi-15-novembre\/","title":{"rendered":"ASTA \u00e0 la Table Ronde du samedi 15 novembre"},"content":{"rendered":"\n<p>Dans le cadre de \u00ab<a rel=\"noreferrer noopener\" href=\"http:\/\/asta-solidarite.com\/wp-content\/uploads\/2025\/10\/Programme-2025.pdf\" target=\"_blank\">FestiSol Albertville<\/a>\u00bb et<a rel=\"noreferrer noopener\" href=\"http:\/\/asta-solidarite.com\/wp-content\/uploads\/2025\/10\/Programme-2025.pdf\" target=\"_blank\"> <\/a>\u00ab<a rel=\"noreferrer noopener\" href=\"https:\/\/www.addcaes.org\/wp-content\/uploads\/2025\/10\/PROG-MIGRANTSCENE-2025-1.pdf\" target=\"_blank\">Migrant\u2019Sc\u00e8ne<\/a>\u00bb, Le D\u00f4me Th\u00e9\u00e2tre accueillera le samedi 15 novembre \u00e0 20h00 la Compagnie Cassandre pour une Lecture \u2013 D\u00e9bat sur le th\u00e8me <em>\u00ab\u00a0Peut-on accueillir toute la mis\u00e8re du monde\u00a0\u00bb<\/em>.<\/p>\n\n\n\n<p>S&rsquo;en suivra une Table Ronde en pr\u00e9sence de Pierre Tevanian, auteur avec Jean Charles Stevens du livre <em><a rel=\"noreferrer noopener\" href=\"https:\/\/lmsi.net\/Toute-la-misere-du-monde\" target=\"_blank\">\u00ab&nbsp;on ne peut pas accueillir toute la mis\u00e8re du monde&nbsp;&#8211; en finir avec une sentence de mort \u00bb<\/a><\/em> et \u00e0 laquelle participera ASTA comme invit\u00e9. Une opportunit\u00e9 pour d\u00e9fendre ses valeurs.<\/p>\n\n\n\n<p>Au pr\u00e9alable, le Festival sera inaugur\u00e9 \u00e0 18h00 et suivi d\u2019un temps convivial en musique dans le hall du D\u00f4me Th\u00e9\u00e2tre o\u00f9 ASTA y tiendra un stand.<\/p>\n","protected":false},"excerpt":{"rendered":"<p>Dans le cadre de \u00abFestiSol Albertville\u00bb et \u00abMigrant\u2019Sc\u00e8ne\u00bb, Le D\u00f4me Th\u00e9\u00e2tre accueillera le samedi 15 novembre \u00e0 20h00 la Compagnie Cassandre pour une Lecture \u2013 D\u00e9bat sur le th\u00e8me \u00ab\u00a0Peut-on accueillir toute la mis\u00e8re du monde\u00a0\u00bb. S&rsquo;en suivra une Table Ronde en pr\u00e9sence de Pierre Tevanian, auteur avec Jean Charles Stevens du livre \u00ab&nbsp;on ne&hellip;<a href=\"https:\/\/asta-solidarite.com\/index.php\/2025\/10\/15\/asta-a-la-table-ronde-du-samedi-15-novembre\/\" class=\"more-link\"><span>Lire la suite<\/span><span class=\"screen-reader-text\">ASTA \u00e0 la Table Ronde du samedi 15 novembre<\/span><\/a><\/p>\n","protected":false},"author":1,"featured_media":0,"comment_status":"closed","ping_status":"","sticky":false,"template":"","format":"standard","meta":[],"categories":[1],"tags":[],"_links":{"self":[{"href":"https:\/\/asta-solidarite.com\/index.php\/wp-json\/wp\/v2\/posts\/1352"}],"collection":[{"href":"https:\/\/asta-solidarite.com\/index.php\/wp-json\/wp\/v2\/posts"}],"about":[{"href":"https:\/\/asta-solidarite.com\/index.php\/wp-json\/wp\/v2\/types\/post"}],"author":[{"embeddable":true,"href":"https:\/\/asta-solidarite.com\/index.php\/wp-json\/wp\/v2\/users\/1"}],"replies":[{"embeddable":true,"href":"https:\/\/asta-solidarite.com\/index.php\/wp-json\/wp\/v2\/comments?post=1352"}],"version-history":[{"count":6,"href":"https:\/\/asta-solidarite.com\/index.php\/wp-json\/wp\/v2\/posts\/1352\/revisions"}],"predecessor-version":[{"id":1384,"href":"https:\/\/asta-solidarite.com\/index.php\/wp-json\/wp\/v2\/posts\/1352\/revisions\/1384"}],"wp:attachment":[{"href":"https:\/\/asta-solidarite.com\/index.php\/wp-json\/wp\/v2\/media?parent=1352"}],"wp:term":[{"taxonomy":"category","embeddable":true,"href":"https:\/\/asta-solidarite.com\/index.php\/wp-json\/wp\/v2\/categories?post=1352"},{"taxonomy":"post_tag","embeddable":true,"href":"https:\/\/asta-solidarite.com\/index.php\/wp-json\/wp\/v2\/tags?post=1352"}],"curies":[{"name":"wp","href":"https:\/\/api.w.org\/{rel}","templated":true}]}}