{"id":1346,"date":"2025-10-13T18:43:00","date_gmt":"2025-10-13T16:43:00","guid":{"rendered":"https:\/\/asta-solidarite.com\/?p=1346"},"modified":"2025-10-27T15:39:52","modified_gmt":"2025-10-27T14:39:52","slug":"asta-au-prochain-festisol-albertville-migrantscene","status":"publish","type":"post","link":"https:\/\/asta-solidarite.com\/index.php\/2025\/10\/13\/asta-au-prochain-festisol-albertville-migrantscene\/","title":{"rendered":"ASTA aux prochains \u00ab\u00a0FestiSol Albertville\u00a0\u00bb et \u00ab\u00a0Migrant\u2019Sc\u00e8ne\u00a0\u00bb"},"content":{"rendered":"\n<p>ASTA participera le mois prochain au<strong> \u00ab<a rel=\"noreferrer noopener\" href=\"https:\/\/www.festivaldessolidarites.org\/le-festival-des-solidarites\/presentation\/\" target=\"_blank\">FestiSol<\/a> <span class=\"has-inline-color has-accent-color\">Albertville<\/span><strong>\u00bb <\/strong> <\/strong>et<strong> <strong>\u00ab<\/strong><a rel=\"noreferrer noopener\" href=\"https:\/\/www.lacimade.org\/activite\/festival-migrant-scene-lyon\/\" target=\"_blank\">Migrant\u2019Sc\u00e8ne<\/a>\u00bb.  <\/strong>Associ\u00e9s l\u2019un \u00e0 l\u2019autre et avec le soutien du <a href=\"https:\/\/www.grandbivouac.com\/fr\" target=\"_blank\" rel=\"noreferrer noopener\">Grand Bivouac<\/a>, ils vous invitent \u00e0 la projection du film <a rel=\"noreferrer noopener\" href=\"http:\/\/tempsnoir.com\/film\/mothership-en-pleine-mer\/\" target=\"_blank\">Mothership<\/a> de Muriel Cravatte samedi 15 novembre \u00e0 15h30 au 88bis rue R\u00e9publique Albertville.  <\/p>\n\n\n\n<p class=\"has-text-align-center\"><strong>* * *<\/strong><\/p>\n\n\n\n<p><strong>FestiSol Albertville<\/strong> se poursuivra jusqu\u2019au samedi 22 novembre o\u00f9 sera propos\u00e9e ce jour l\u00e0 une Randonn\u00e9e Solidaire Conflans &#8211; La Bathie. Entre temps, <strong>une dizaine d\u2019animations men\u00e9es sur Albertville autour de la Solidarit\u00e9 jalonneront cette semaine du 15 au 22 <\/strong>(spectacles, s\u00e9ances cin\u00e9ma, ateliers, jeux du monde, interventions ds les lyc\u00e9es\u2026)<\/p>\n\n\n\n<p class=\"has-text-align-center\"><a rel=\"noreferrer noopener\" href=\"http:\/\/asta-solidarite.com\/wp-content\/uploads\/2025\/10\/Programme-2025.pdf\" target=\"_blank\">Le Programme<\/a><\/p>\n\n\n\n<p class=\"has-text-align-center\"><strong>* * *<\/strong> <\/p>\n\n\n\n<p><strong>Migrant\u2019Sc\u00e8ne<\/strong> se poursuivra quant \u00e0 lui jusqu\u2019au mercredi 10 d\u00e9cembre avec la projection ce jour l\u00e0 \u00e0 Chamb\u00e9ry (Espace Malraux) du film d\u2019animation <em>\u00ab\u00a0Dounia, le grand pays blanc\u00a0\u00bb<\/em> de <span class=\"has-inline-color has-primary-color\">Andr\u00e9 Kadi<\/span>. Ce sera une <strong>trentaine d\u2019\u00e9v\u00e9nements propos\u00e9s sur toute la Savoie autour du th\u00e8me <em>\u00abTissons des liens entre les peuples et les nations par-del\u00e0 les fronti\u00e8res\u00bb<\/em><\/strong><\/p>\n\n\n\n<p class=\"has-text-align-center\"><a rel=\"noreferrer noopener\" href=\"https:\/\/www.addcaes.org\/wp-content\/uploads\/2025\/10\/PROG-MIGRANTSCENE-2025-1.pdf\" target=\"_blank\">Le <\/a><a href=\"https:\/\/www.addcaes.org\/wp-content\/uploads\/2025\/10\/PROG-MIGRANTSCENE-2025-1.pdf\" target=\"_blank\" rel=\"noreferrer noopener\">P<\/a><a rel=\"noreferrer noopener\" href=\"https:\/\/www.addcaes.org\/wp-content\/uploads\/2025\/10\/PROG-MIGRANTSCENE-2025-1.pdf\" target=\"_blank\">rogramme<\/a><\/p>\n","protected":false},"excerpt":{"rendered":"<p>ASTA participera le mois prochain au \u00abFestiSol Albertville\u00bb et \u00abMigrant\u2019Sc\u00e8ne\u00bb. Associ\u00e9s l\u2019un \u00e0 l\u2019autre et avec le soutien du Grand Bivouac, ils vous invitent \u00e0 la projection du film Mothership de Muriel Cravatte samedi 15 novembre \u00e0 15h30 au 88bis rue R\u00e9publique Albertville. * * * FestiSol Albertville se poursuivra jusqu\u2019au samedi 22 novembre o\u00f9&hellip;<a href=\"https:\/\/asta-solidarite.com\/index.php\/2025\/10\/13\/asta-au-prochain-festisol-albertville-migrantscene\/\" class=\"more-link\"><span>Lire la suite<\/span><span class=\"screen-reader-text\">ASTA aux prochains \u00ab\u00a0FestiSol Albertville\u00a0\u00bb et \u00ab\u00a0Migrant\u2019Sc\u00e8ne\u00a0\u00bb<\/span><\/a><\/p>\n","protected":false},"author":1,"featured_media":0,"comment_status":"closed","ping_status":"","sticky":false,"template":"","format":"standard","meta":[],"categories":[1],"tags":[],"_links":{"self":[{"href":"https:\/\/asta-solidarite.com\/index.php\/wp-json\/wp\/v2\/posts\/1346"}],"collection":[{"href":"https:\/\/asta-solidarite.com\/index.php\/wp-json\/wp\/v2\/posts"}],"about":[{"href":"https:\/\/asta-solidarite.com\/index.php\/wp-json\/wp\/v2\/types\/post"}],"author":[{"embeddable":true,"href":"https:\/\/asta-solidarite.com\/index.php\/wp-json\/wp\/v2\/users\/1"}],"replies":[{"embeddable":true,"href":"https:\/\/asta-solidarite.com\/index.php\/wp-json\/wp\/v2\/comments?post=1346"}],"version-history":[{"count":11,"href":"https:\/\/asta-solidarite.com\/index.php\/wp-json\/wp\/v2\/posts\/1346\/revisions"}],"predecessor-version":[{"id":1379,"href":"https:\/\/asta-solidarite.com\/index.php\/wp-json\/wp\/v2\/posts\/1346\/revisions\/1379"}],"wp:attachment":[{"href":"https:\/\/asta-solidarite.com\/index.php\/wp-json\/wp\/v2\/media?parent=1346"}],"wp:term":[{"taxonomy":"category","embeddable":true,"href":"https:\/\/asta-solidarite.com\/index.php\/wp-json\/wp\/v2\/categories?post=1346"},{"taxonomy":"post_tag","embeddable":true,"href":"https:\/\/asta-solidarite.com\/index.php\/wp-json\/wp\/v2\/tags?post=1346"}],"curies":[{"name":"wp","href":"https:\/\/api.w.org\/{rel}","templated":true}]}}