{"id":1336,"date":"2025-09-15T17:12:00","date_gmt":"2025-09-15T15:12:00","guid":{"rendered":"https:\/\/asta-solidarite.com\/?p=1336"},"modified":"2025-10-15T19:22:52","modified_gmt":"2025-10-15T17:22:52","slug":"quand-asta-et-roue-libre-albertville-se-donnent-mutuellement-un-coup-de-main","status":"publish","type":"post","link":"https:\/\/asta-solidarite.com\/index.php\/2025\/09\/15\/quand-asta-et-roue-libre-albertville-se-donnent-mutuellement-un-coup-de-main\/","title":{"rendered":"Quand ASTA et Roue Libre Albertville se donnent mutuellement un coup de main !"},"content":{"rendered":"\n<p>ASTA et <a href=\"https:\/\/www.facebook.com\/RoueLibreSavoieAlbertville\/?locale=fr_FR\" target=\"_blank\" rel=\"noreferrer noopener\">Roue Libre Albertville<\/a>, Association de Promotion du V\u00e9lo, se sont associ\u00e9es \u00e0 2 reprises par le pass\u00e9 pour organiser ensemble en soutien aux plus d\u00e9munis, migrants et \u00e9trangers, \u00ab\u00a0Les Tours de Roues Solidaires\u00a0\u00bb, une balade v\u00e9lo familiale interculturelle et interg\u00e9n\u00e9rationnelle.<\/p>\n\n\n\n<p>Dans ce m\u00eame esprit de collaboration, cet \u00e9t\u00e9, des b\u00e9n\u00e9voles Roue Libre Albertville, form\u00e9s pour cela, ont appris \u00e0 des personnes accompagn\u00e9es par ASTA \u00e0 faire du v\u00e9lo, et des personnes accompagn\u00e9es par ASTA ont particip\u00e9 aux ateliers pr\u00e9paration de la V\u00e9lorution du 27 septembre prochain organis\u00e9e par Roue Libre (r\u00e9alisation de banderoles, peinture, bricolage&#8230;)<\/p>\n","protected":false},"excerpt":{"rendered":"<p>ASTA et Roue Libre Albertville, Association de Promotion du V\u00e9lo, se sont associ\u00e9es \u00e0 2 reprises par le pass\u00e9 pour organiser ensemble en soutien aux plus d\u00e9munis, migrants et \u00e9trangers, \u00ab\u00a0Les Tours de Roues Solidaires\u00a0\u00bb, une balade v\u00e9lo familiale interculturelle et interg\u00e9n\u00e9rationnelle. Dans ce m\u00eame esprit de collaboration, cet \u00e9t\u00e9, des b\u00e9n\u00e9voles Roue Libre Albertville,&hellip;<a href=\"https:\/\/asta-solidarite.com\/index.php\/2025\/09\/15\/quand-asta-et-roue-libre-albertville-se-donnent-mutuellement-un-coup-de-main\/\" class=\"more-link\"><span>Lire la suite<\/span><span class=\"screen-reader-text\">Quand ASTA et Roue Libre Albertville se donnent mutuellement un coup de main !<\/span><\/a><\/p>\n","protected":false},"author":1,"featured_media":0,"comment_status":"closed","ping_status":"","sticky":false,"template":"","format":"standard","meta":[],"categories":[1],"tags":[],"_links":{"self":[{"href":"https:\/\/asta-solidarite.com\/index.php\/wp-json\/wp\/v2\/posts\/1336"}],"collection":[{"href":"https:\/\/asta-solidarite.com\/index.php\/wp-json\/wp\/v2\/posts"}],"about":[{"href":"https:\/\/asta-solidarite.com\/index.php\/wp-json\/wp\/v2\/types\/post"}],"author":[{"embeddable":true,"href":"https:\/\/asta-solidarite.com\/index.php\/wp-json\/wp\/v2\/users\/1"}],"replies":[{"embeddable":true,"href":"https:\/\/asta-solidarite.com\/index.php\/wp-json\/wp\/v2\/comments?post=1336"}],"version-history":[{"count":3,"href":"https:\/\/asta-solidarite.com\/index.php\/wp-json\/wp\/v2\/posts\/1336\/revisions"}],"predecessor-version":[{"id":1355,"href":"https:\/\/asta-solidarite.com\/index.php\/wp-json\/wp\/v2\/posts\/1336\/revisions\/1355"}],"wp:attachment":[{"href":"https:\/\/asta-solidarite.com\/index.php\/wp-json\/wp\/v2\/media?parent=1336"}],"wp:term":[{"taxonomy":"category","embeddable":true,"href":"https:\/\/asta-solidarite.com\/index.php\/wp-json\/wp\/v2\/categories?post=1336"},{"taxonomy":"post_tag","embeddable":true,"href":"https:\/\/asta-solidarite.com\/index.php\/wp-json\/wp\/v2\/tags?post=1336"}],"curies":[{"name":"wp","href":"https:\/\/api.w.org\/{rel}","templated":true}]}}