{"id":1327,"date":"2025-06-24T17:14:35","date_gmt":"2025-06-24T15:14:35","guid":{"rendered":"http:\/\/asta-solidarite.com\/?p=1327"},"modified":"2025-06-25T14:58:37","modified_gmt":"2025-06-25T12:58:37","slug":"retour-sur-lenterrement-des-droits-des-personnes-migrantes","status":"publish","type":"post","link":"https:\/\/asta-solidarite.com\/index.php\/2025\/06\/24\/retour-sur-lenterrement-des-droits-des-personnes-migrantes\/","title":{"rendered":"Retour sur l\u2019Enterrement des Droits des Personnes Migrantes"},"content":{"rendered":"\n<p><img loading=\"lazy\" width=\"652\" height=\"460\" class=\"wp-image-1330\" style=\"width: 500px;\" src=\"http:\/\/asta-solidarite.com\/wp-content\/uploads\/2025\/06\/16-mai-2025.jpeg\" alt=\"\" srcset=\"https:\/\/asta-solidarite.com\/wp-content\/uploads\/2025\/06\/16-mai-2025.jpeg 652w, https:\/\/asta-solidarite.com\/wp-content\/uploads\/2025\/06\/16-mai-2025-300x212.jpeg 300w\" sizes=\"(max-width: 652px) 100vw, 652px\" \/><\/p>\n\n\n\n<p class=\"has-text-align-center\"><a rel=\"noreferrer noopener\" href=\"https:\/\/www.youtube.com\/watch?v=BYHXCiqqv-w\" target=\"_blank\">Chamb\u00e9ry &#8211; mai 2025 (vid\u00e9o)<\/a><\/p>\n\n\n\n<p><em>\u00ab&nbsp;(,,,) Nous sommes revenus en nous disant que nous devions t\u00e9moigner. C\u2019\u00e9tait une obligation, que nous avions compris un certain nombre de choses et que nous avions tout ce poids derri\u00e8re nous, nos camarades morts, et que c\u2019est \u00e7a qu\u2019ils attendaient des survivants, tu en parleras, tu diras, tu n\u2019oublieras pas ceci et cela&#8230;<\/em><\/p>\n\n\n\n<p><em>C\u2019est comme \u00e7a qu\u2019on commence, en disant hors d\u2019ici les \u00e9trangers&nbsp;; quand on commence \u00e0 dire les juifs ou les alg\u00e9riens ou tout ce que vous voulez, ce sont pas des gens comme nous&#8230;<\/em><\/p>\n\n\n\n<p><em>On entend encore ces propos l\u00e0. C\u2019est toujours un d\u00e9but, hein&#8230;<\/em><\/p>\n\n\n\n<p><em>C\u2019est en \u00e7a que nous sommes un peu les veilleurs dans la nuit puisque nous savons jusqu\u2019o\u00f9 \u00e7a va, nous&#8230;(&#8230;)&nbsp;\u00bb<\/em><\/p>\n\n\n\n<p>Genevi\u00e8ve de Gaulle-Anthonioz (1920-2002) \u2013 pr\u00e9sidente de l\u2019Association nationale des anciennes D\u00e9port\u00e9es et Intern\u00e9es de la R\u00e9sistance (1958 \u2013 2002) &#8211; d\u00e9port\u00e9e au camp de Ravensbr\u00fcck (f\u00e9vrier 1944-f\u00e9vrier 1945)<\/p>\n","protected":false},"excerpt":{"rendered":"<p>Chamb\u00e9ry &#8211; mai 2025 (vid\u00e9o) \u00ab&nbsp;(,,,) Nous sommes revenus en nous disant que nous devions t\u00e9moigner. C\u2019\u00e9tait une obligation, que nous avions compris un certain nombre de choses et que nous avions tout ce poids derri\u00e8re nous, nos camarades morts, et que c\u2019est \u00e7a qu\u2019ils attendaient des survivants, tu en parleras, tu diras, tu n\u2019oublieras&hellip;<a href=\"https:\/\/asta-solidarite.com\/index.php\/2025\/06\/24\/retour-sur-lenterrement-des-droits-des-personnes-migrantes\/\" class=\"more-link\"><span>Lire la suite<\/span><span class=\"screen-reader-text\">Retour sur l\u2019Enterrement des Droits des Personnes Migrantes<\/span><\/a><\/p>\n","protected":false},"author":1,"featured_media":0,"comment_status":"closed","ping_status":"","sticky":false,"template":"","format":"standard","meta":[],"categories":[1],"tags":[],"_links":{"self":[{"href":"https:\/\/asta-solidarite.com\/index.php\/wp-json\/wp\/v2\/posts\/1327"}],"collection":[{"href":"https:\/\/asta-solidarite.com\/index.php\/wp-json\/wp\/v2\/posts"}],"about":[{"href":"https:\/\/asta-solidarite.com\/index.php\/wp-json\/wp\/v2\/types\/post"}],"author":[{"embeddable":true,"href":"https:\/\/asta-solidarite.com\/index.php\/wp-json\/wp\/v2\/users\/1"}],"replies":[{"embeddable":true,"href":"https:\/\/asta-solidarite.com\/index.php\/wp-json\/wp\/v2\/comments?post=1327"}],"version-history":[{"count":3,"href":"https:\/\/asta-solidarite.com\/index.php\/wp-json\/wp\/v2\/posts\/1327\/revisions"}],"predecessor-version":[{"id":1332,"href":"https:\/\/asta-solidarite.com\/index.php\/wp-json\/wp\/v2\/posts\/1327\/revisions\/1332"}],"wp:attachment":[{"href":"https:\/\/asta-solidarite.com\/index.php\/wp-json\/wp\/v2\/media?parent=1327"}],"wp:term":[{"taxonomy":"category","embeddable":true,"href":"https:\/\/asta-solidarite.com\/index.php\/wp-json\/wp\/v2\/categories?post=1327"},{"taxonomy":"post_tag","embeddable":true,"href":"https:\/\/asta-solidarite.com\/index.php\/wp-json\/wp\/v2\/tags?post=1327"}],"curies":[{"name":"wp","href":"https:\/\/api.w.org\/{rel}","templated":true}]}}