{"id":1323,"date":"2025-05-16T11:58:12","date_gmt":"2025-05-16T09:58:12","guid":{"rendered":"http:\/\/asta-solidarite.com\/?p=1323"},"modified":"2025-05-16T11:58:12","modified_gmt":"2025-05-16T09:58:12","slug":"enterrement-des-droits-fondamentaux","status":"publish","type":"post","link":"https:\/\/asta-solidarite.com\/index.php\/2025\/05\/16\/enterrement-des-droits-fondamentaux\/","title":{"rendered":"Enterrement des Droits Fondamentaux"},"content":{"rendered":"\n<p>A l\u2019initiative de la CIMADE et aux c\u00f4t\u00e9s de 12 autres associations, ASTA se joindra \u00e0 la <a href=\"http:\/\/asta-solidarite.com\/wp-content\/uploads\/2025\/05\/Faire-part-16-5-2025-1-1.pdf\" target=\"_blank\" rel=\"noreferrer noopener\">C\u00e9r\u00e9monie d\u2019Enterrement des Droits Fondamentaux des Personnes Migrantes <\/a>qui se tiendra ce vendredi 16 mai \u00e0 18h00 Place de l\u2019H\u00f4tel de Ville \u00e0 Chamb\u00e9ry.<\/p>\n","protected":false},"excerpt":{"rendered":"<p>A l\u2019initiative de la CIMADE et aux c\u00f4t\u00e9s de 12 autres associations, ASTA se joindra \u00e0 la C\u00e9r\u00e9monie d\u2019Enterrement des Droits Fondamentaux des Personnes Migrantes qui se tiendra ce vendredi 16 mai \u00e0 18h00 Place de l\u2019H\u00f4tel de Ville \u00e0 Chamb\u00e9ry.<a href=\"https:\/\/asta-solidarite.com\/index.php\/2025\/05\/16\/enterrement-des-droits-fondamentaux\/\" class=\"more-link\"><span>Lire la suite<\/span><span class=\"screen-reader-text\">Enterrement des Droits Fondamentaux<\/span><\/a><\/p>\n","protected":false},"author":1,"featured_media":0,"comment_status":"closed","ping_status":"","sticky":false,"template":"","format":"standard","meta":[],"categories":[1],"tags":[],"_links":{"self":[{"href":"https:\/\/asta-solidarite.com\/index.php\/wp-json\/wp\/v2\/posts\/1323"}],"collection":[{"href":"https:\/\/asta-solidarite.com\/index.php\/wp-json\/wp\/v2\/posts"}],"about":[{"href":"https:\/\/asta-solidarite.com\/index.php\/wp-json\/wp\/v2\/types\/post"}],"author":[{"embeddable":true,"href":"https:\/\/asta-solidarite.com\/index.php\/wp-json\/wp\/v2\/users\/1"}],"replies":[{"embeddable":true,"href":"https:\/\/asta-solidarite.com\/index.php\/wp-json\/wp\/v2\/comments?post=1323"}],"version-history":[{"count":2,"href":"https:\/\/asta-solidarite.com\/index.php\/wp-json\/wp\/v2\/posts\/1323\/revisions"}],"predecessor-version":[{"id":1325,"href":"https:\/\/asta-solidarite.com\/index.php\/wp-json\/wp\/v2\/posts\/1323\/revisions\/1325"}],"wp:attachment":[{"href":"https:\/\/asta-solidarite.com\/index.php\/wp-json\/wp\/v2\/media?parent=1323"}],"wp:term":[{"taxonomy":"category","embeddable":true,"href":"https:\/\/asta-solidarite.com\/index.php\/wp-json\/wp\/v2\/categories?post=1323"},{"taxonomy":"post_tag","embeddable":true,"href":"https:\/\/asta-solidarite.com\/index.php\/wp-json\/wp\/v2\/tags?post=1323"}],"curies":[{"name":"wp","href":"https:\/\/api.w.org\/{rel}","templated":true}]}}